{"id":230,"date":"2017-01-04T08:49:13","date_gmt":"2017-01-04T08:49:13","guid":{"rendered":"http:\/\/www.jordinavarro.es\/?p=230"},"modified":"2017-02-05T10:39:43","modified_gmt":"2017-02-05T09:39:43","slug":"jordi-navarro-dirige-el-chaleco-blanco","status":"publish","type":"post","link":"https:\/\/www.jordinavarro.es\/en\/noticias\/jordi-navarro-dirige-el-chaleco-blanco\/","title":{"rendered":"Jordi Navarro dirige &#8220;El chaleco blanco&#8221;"},"content":{"rendered":"<p style=\"text-align: justify;\"><span class=\"eventextracto\">La Sala Roja de\u00a0<strong>Teatros del Canal<\/strong>\u00a0(Madrid) acoge &#8216;<strong>El chaleco blanco<\/strong>&#8216;, una adaptaci\u00f3n para el p\u00fablico m\u00e1s joven de la zarzuela de\u00a0<strong>Federico Chueca<\/strong>. Interpretada esc\u00e9nica y musicalmente por la\u00a0<strong><a href=\"http:\/\/www.jorcam.org\/\">Joven Orquesta de la Comunidad de Madrid<\/a>, <\/strong>bajo la direcci\u00f3n musical del<strong>\u00a0<\/strong>maestro<strong> Jordi Navarro<\/strong>, este espect\u00e1culo\u00a0se estren\u00f3 el 30 de diciembre y se podr\u00e1 ver el 5, 7 y 8 de enero.<\/span><\/p>\n<div id=\"wpmudevevents-wrapper\" class=\"event open musica obras-teatro\">\n<div id=\"wpmudevents-single\">\n<div class=\"wpmudevevents-content\">\n<div id=\"wpmudevevents-contentbody\">\n<p style=\"text-align: justify;\">El\u00a0libreto de Miguel Ramos Carri\u00f3n se estren\u00f3 en 1890 como un \u201cepisodio c\u00f3mico-l\u00edrico\u201d muy al gusto de la \u00e9poca. Como tantas otras, esta obra naci\u00f3 como fruto de la casualidad. Varios autores del C\u00edrculo Art\u00edstico de Madrid estaban cenando y decidieron sacar un t\u00edtulo aleatorio de un sombrero, comprometi\u00e9ndose a escribir un sainete en el plazo de un mes. El que se mostrara incapaz de escribir un libreto tendr\u00eda que invitar a cenar y comer al resto durante un mes.<\/p>\n<p style=\"text-align: justify;\">Despu\u00e9s de descartar otros t\u00edtulos, a Ramos Carri\u00f3n le toc\u00f3\u00a0<em>El chaleco blanco<\/em>\u00a0y Federico Chueca fue el encargado de la composici\u00f3n musical.\u00a0La ajetreada persecuci\u00f3n de un d\u00e9cimo de loter\u00eda premiado con el gordo y supuestamente extraviado dentro de la colada que las lavanderas llevan al Manzanares es el n\u00facleo argumental. Este calvario da pie para conocer a las clases populares de Madrid y a c\u00f3mo viv\u00edan los que te\u00f3ricamente eran \u201cse\u00f1oritos\u201d.<\/p>\n<p style=\"text-align: justify;\">La Joven Orquesta y Coro de la Comunidad de Madrid ser\u00e1n los encargados de interpretar esta adaptaci\u00f3n esc\u00e9nica para p\u00fablico familiar dirigida por el maestro Jordi Navarro bajo la direcci\u00f3n esc\u00e9nica de Rita Cosentino.<\/p>\n<\/div>\n<\/div>\n<\/div>\n<\/div>\n","protected":false},"excerpt":{"rendered":"<p>La Sala Roja de\u00a0Teatros del Canal\u00a0(Madrid) acoge &#8216;El chaleco blanco&#8216;, una adaptaci\u00f3n para el p\u00fablico m\u00e1s joven de la zarzuela de\u00a0Federico Chueca. Interpretada esc\u00e9nica y musicalmente por la\u00a0Joven Orquesta de la Comunidad de Madrid, bajo la direcci\u00f3n musical del\u00a0maestro Jordi Navarro, este espect\u00e1culo\u00a0se estren\u00f3 el 30 de diciembre y se podr\u00e1 ver el 5, 7 [&hellip;]<\/p>\n","protected":false},"author":1,"featured_media":309,"comment_status":"open","ping_status":"open","sticky":false,"template":"","format":"standard","meta":[],"categories":[5],"tags":[8,6,7],"yoast_head":"<!-- This site is optimized with the Yoast SEO plugin v14.8 - https:\/\/yoast.com\/wordpress\/plugins\/seo\/ -->\n<title>Jordi Navarro dirige &quot;El chaleco blanco&quot; | Jordi Navarro | Director de Orquesta<\/title>\n<meta name=\"description\" content=\"La nueva producci\u00f3n de El Chaleco Blanco de la Joven Orquesta de la Comunidad de Madrid estar\u00e1 dirigida por Jordi Navarro\" \/>\n<meta name=\"robots\" content=\"index, follow\" \/>\n<meta name=\"googlebot\" content=\"index, follow, max-snippet:-1, max-image-preview:large, max-video-preview:-1\" \/>\n<meta name=\"bingbot\" content=\"index, follow, max-snippet:-1, max-image-preview:large, max-video-preview:-1\" \/>\n<link rel=\"canonical\" href=\"https:\/\/www.jordinavarro.es\/noticias\/jordi-navarro-dirige-el-chaleco-blanco\/\" \/>\n<meta property=\"og:locale\" content=\"en_US\" \/>\n<meta property=\"og:type\" content=\"article\" \/>\n<meta property=\"og:title\" content=\"Jordi Navarro dirige &quot;El chaleco blanco&quot; | Jordi Navarro | Director de Orquesta\" \/>\n<meta property=\"og:description\" content=\"La nueva producci\u00f3n de El Chaleco Blanco de la Joven Orquesta de la Comunidad de Madrid estar\u00e1 dirigida por Jordi Navarro\" \/>\n<meta property=\"og:url\" content=\"https:\/\/www.jordinavarro.es\/noticias\/jordi-navarro-dirige-el-chaleco-blanco\/\" \/>\n<meta property=\"og:site_name\" content=\"Jordi Navarro | Director de Orquesta\" \/>\n<meta property=\"article:published_time\" content=\"2017-01-04T08:49:13+00:00\" \/>\n<meta property=\"article:modified_time\" content=\"2017-02-05T09:39:43+00:00\" \/>\n<meta property=\"og:image\" content=\"https:\/\/www.jordinavarro.es\/wp-content\/uploads\/2017\/01\/jordi-navarro-chaleco-blanco-zarzuela.jpg\" \/>\n\t<meta property=\"og:image:width\" content=\"800\" \/>\n\t<meta property=\"og:image:height\" content=\"533\" \/>\n<meta name=\"twitter:card\" content=\"summary_large_image\" \/>\n<script type=\"application\/ld+json\" class=\"yoast-schema-graph\">{\"@context\":\"https:\/\/schema.org\",\"@graph\":[{\"@type\":\"WebSite\",\"@id\":\"https:\/\/www.jordinavarro.es\/en\/#website\",\"url\":\"https:\/\/www.jordinavarro.es\/en\/\",\"name\":\"Jordi Navarro | Director de Orquesta\",\"description\":\"Web del director de orquesta Jordi Navarro\",\"potentialAction\":[{\"@type\":\"SearchAction\",\"target\":\"https:\/\/www.jordinavarro.es\/en\/?s={search_term_string}\",\"query-input\":\"required name=search_term_string\"}],\"inLanguage\":\"en-US\"},{\"@type\":\"ImageObject\",\"@id\":\"https:\/\/www.jordinavarro.es\/noticias\/jordi-navarro-dirige-el-chaleco-blanco\/#primaryimage\",\"inLanguage\":\"en-US\",\"url\":\"https:\/\/www.jordinavarro.es\/wp-content\/uploads\/2017\/01\/jordi-navarro-chaleco-blanco-zarzuela.jpg\",\"width\":800,\"height\":533,\"caption\":\"Foto: Miguel Gald\\u00f3n\"},{\"@type\":\"WebPage\",\"@id\":\"https:\/\/www.jordinavarro.es\/noticias\/jordi-navarro-dirige-el-chaleco-blanco\/#webpage\",\"url\":\"https:\/\/www.jordinavarro.es\/noticias\/jordi-navarro-dirige-el-chaleco-blanco\/\",\"name\":\"Jordi Navarro dirige \\\"El chaleco blanco\\\" | Jordi Navarro | Director de Orquesta\",\"isPartOf\":{\"@id\":\"https:\/\/www.jordinavarro.es\/en\/#website\"},\"primaryImageOfPage\":{\"@id\":\"https:\/\/www.jordinavarro.es\/noticias\/jordi-navarro-dirige-el-chaleco-blanco\/#primaryimage\"},\"datePublished\":\"2017-01-04T08:49:13+00:00\",\"dateModified\":\"2017-02-05T09:39:43+00:00\",\"author\":{\"@id\":\"https:\/\/www.jordinavarro.es\/en\/#\/schema\/person\/cf30b2497b2aa98ba845afe5d7ccfda9\"},\"description\":\"La nueva producci\\u00f3n de El Chaleco Blanco de la Joven Orquesta de la Comunidad de Madrid estar\\u00e1 dirigida por Jordi Navarro\",\"inLanguage\":\"en-US\",\"potentialAction\":[{\"@type\":\"ReadAction\",\"target\":[\"https:\/\/www.jordinavarro.es\/noticias\/jordi-navarro-dirige-el-chaleco-blanco\/\"]}]},{\"@type\":\"Person\",\"@id\":\"https:\/\/www.jordinavarro.es\/en\/#\/schema\/person\/cf30b2497b2aa98ba845afe5d7ccfda9\",\"name\":\"admin\",\"image\":{\"@type\":\"ImageObject\",\"@id\":\"https:\/\/www.jordinavarro.es\/en\/#personlogo\",\"inLanguage\":\"en-US\",\"url\":\"https:\/\/secure.gravatar.com\/avatar\/8ae77c5d4b68bf8fb3a579ba1ea1c2b7?s=96&d=mm&r=g\",\"caption\":\"admin\"}}]}<\/script>\n<!-- \/ Yoast SEO plugin. -->","_links":{"self":[{"href":"https:\/\/www.jordinavarro.es\/en\/wp-json\/wp\/v2\/posts\/230"}],"collection":[{"href":"https:\/\/www.jordinavarro.es\/en\/wp-json\/wp\/v2\/posts"}],"about":[{"href":"https:\/\/www.jordinavarro.es\/en\/wp-json\/wp\/v2\/types\/post"}],"author":[{"embeddable":true,"href":"https:\/\/www.jordinavarro.es\/en\/wp-json\/wp\/v2\/users\/1"}],"replies":[{"embeddable":true,"href":"https:\/\/www.jordinavarro.es\/en\/wp-json\/wp\/v2\/comments?post=230"}],"version-history":[{"count":1,"href":"https:\/\/www.jordinavarro.es\/en\/wp-json\/wp\/v2\/posts\/230\/revisions"}],"predecessor-version":[{"id":231,"href":"https:\/\/www.jordinavarro.es\/en\/wp-json\/wp\/v2\/posts\/230\/revisions\/231"}],"wp:featuredmedia":[{"embeddable":true,"href":"https:\/\/www.jordinavarro.es\/en\/wp-json\/wp\/v2\/media\/309"}],"wp:attachment":[{"href":"https:\/\/www.jordinavarro.es\/en\/wp-json\/wp\/v2\/media?parent=230"}],"wp:term":[{"taxonomy":"category","embeddable":true,"href":"https:\/\/www.jordinavarro.es\/en\/wp-json\/wp\/v2\/categories?post=230"},{"taxonomy":"post_tag","embeddable":true,"href":"https:\/\/www.jordinavarro.es\/en\/wp-json\/wp\/v2\/tags?post=230"}],"curies":[{"name":"wp","href":"https:\/\/api.w.org\/{rel}","templated":true}]}}