{"id":300,"date":"2017-02-15T10:00:51","date_gmt":"2017-02-15T09:00:51","guid":{"rendered":"http:\/\/www.jordinavarro.es\/?p=300"},"modified":"2017-02-15T18:59:14","modified_gmt":"2017-02-15T17:59:14","slug":"encuentro-grupo-de-metales-percusion-jonde","status":"publish","type":"post","link":"https:\/\/www.jordinavarro.es\/en\/noticias\/encuentro-grupo-de-metales-percusion-jonde\/","title":{"rendered":"Encuentro y gira con el grupo de metales y percusi\u00f3n de la JONDE"},"content":{"rendered":"<p>En el pr\u00f3ximo mes de abril tendr\u00e9 el placer de dirigir a las secciones de metal y percusi\u00f3n de la JONDE. Daremos 3 conciertos: el <strong>18 de abril<\/strong> en el sal\u00f3n de actos de la Residendia Lantana (Pilas, Sevilla), el <strong>20<\/strong> en la sala de c\u00e1mara del <strong>Auditorio Nacional de M\u00fasica de Madrid<\/strong> y el <strong>21<\/strong> en la sala de C\u00e1mara del Auditorio Lienzo Norte de \u00c1vila.<\/p>\n<p>M\u00e1s informaci\u00f3n en\u00a0la <a href=\"http:\/\/jonde.mcu.es\/actividades\/index.asp#\" target=\"_blank\">web de la Joven Orquesta Nacional de Espa\u00f1a<\/a>.<\/p>\n","protected":false},"excerpt":{"rendered":"<p>En el pr\u00f3ximo mes de abril tendr\u00e9 el placer de dirigir a las secciones de metal y percusi\u00f3n de la JONDE. Daremos 3 conciertos: el 18 de abril en el sal\u00f3n de actos de la Residendia Lantana (Pilas, Sevilla), el 20 en la sala de c\u00e1mara del Auditorio Nacional de M\u00fasica de Madrid y el [&hellip;]<\/p>\n","protected":false},"author":1,"featured_media":339,"comment_status":"open","ping_status":"open","sticky":false,"template":"","format":"standard","meta":[],"categories":[5],"tags":[6,13,12],"yoast_head":"<!-- This site is optimized with the Yoast SEO plugin v14.8 - https:\/\/yoast.com\/wordpress\/plugins\/seo\/ -->\n<title>Encuentro y gira con el grupo de metales y percusi\u00f3n de la JONDE | Jordi Navarro | Director de Orquesta<\/title>\n<meta name=\"robots\" content=\"index, follow\" \/>\n<meta name=\"googlebot\" content=\"index, follow, max-snippet:-1, max-image-preview:large, max-video-preview:-1\" \/>\n<meta name=\"bingbot\" content=\"index, follow, max-snippet:-1, max-image-preview:large, max-video-preview:-1\" \/>\n<link rel=\"canonical\" href=\"http:\/\/www.jordinavarro.es\/noticias\/encuentro-grupo-de-metales-percusion-jonde\/\" \/>\n<meta property=\"og:locale\" content=\"en_US\" \/>\n<meta property=\"og:type\" content=\"article\" \/>\n<meta property=\"og:title\" content=\"Encuentro y gira con el grupo de metales y percusi\u00f3n de la JONDE | Jordi Navarro | Director de Orquesta\" \/>\n<meta property=\"og:description\" content=\"En el pr\u00f3ximo mes de abril tendr\u00e9 el placer de dirigir a las secciones de metal y percusi\u00f3n de la JONDE. Daremos 3 conciertos: el 18 de abril en el sal\u00f3n de actos de la Residendia Lantana (Pilas, Sevilla), el 20 en la sala de c\u00e1mara del Auditorio Nacional de M\u00fasica de Madrid y el [&hellip;]\" \/>\n<meta property=\"og:url\" content=\"http:\/\/www.jordinavarro.es\/noticias\/encuentro-grupo-de-metales-percusion-jonde\/\" \/>\n<meta property=\"og:site_name\" content=\"Jordi Navarro | Director de Orquesta\" \/>\n<meta property=\"article:published_time\" content=\"2017-02-15T09:00:51+00:00\" \/>\n<meta property=\"article:modified_time\" content=\"2017-02-15T17:59:14+00:00\" \/>\n<meta property=\"og:image\" content=\"https:\/\/www.jordinavarro.es\/wp-content\/uploads\/2017\/02\/batuta-jordi-navarro-director-jonde.jpg\" \/>\n\t<meta property=\"og:image:width\" content=\"1200\" \/>\n\t<meta property=\"og:image:height\" content=\"800\" \/>\n<meta name=\"twitter:card\" content=\"summary_large_image\" \/>\n<script type=\"application\/ld+json\" class=\"yoast-schema-graph\">{\"@context\":\"https:\/\/schema.org\",\"@graph\":[{\"@type\":\"WebSite\",\"@id\":\"https:\/\/www.jordinavarro.es\/en\/#website\",\"url\":\"https:\/\/www.jordinavarro.es\/en\/\",\"name\":\"Jordi Navarro | Director de Orquesta\",\"description\":\"Web del director de orquesta Jordi Navarro\",\"potentialAction\":[{\"@type\":\"SearchAction\",\"target\":\"https:\/\/www.jordinavarro.es\/en\/?s={search_term_string}\",\"query-input\":\"required name=search_term_string\"}],\"inLanguage\":\"en-US\"},{\"@type\":\"ImageObject\",\"@id\":\"http:\/\/www.jordinavarro.es\/noticias\/encuentro-grupo-de-metales-percusion-jonde\/#primaryimage\",\"inLanguage\":\"en-US\",\"url\":\"https:\/\/www.jordinavarro.es\/wp-content\/uploads\/2017\/02\/batuta-jordi-navarro-director-jonde.jpg\",\"width\":1200,\"height\":800,\"caption\":\"batuta-jordi-navarro-director-jonde\"},{\"@type\":\"WebPage\",\"@id\":\"http:\/\/www.jordinavarro.es\/noticias\/encuentro-grupo-de-metales-percusion-jonde\/#webpage\",\"url\":\"http:\/\/www.jordinavarro.es\/noticias\/encuentro-grupo-de-metales-percusion-jonde\/\",\"name\":\"Encuentro y gira con el grupo de metales y percusi\\u00f3n de la JONDE | Jordi Navarro | Director de Orquesta\",\"isPartOf\":{\"@id\":\"https:\/\/www.jordinavarro.es\/en\/#website\"},\"primaryImageOfPage\":{\"@id\":\"http:\/\/www.jordinavarro.es\/noticias\/encuentro-grupo-de-metales-percusion-jonde\/#primaryimage\"},\"datePublished\":\"2017-02-15T09:00:51+00:00\",\"dateModified\":\"2017-02-15T17:59:14+00:00\",\"author\":{\"@id\":\"https:\/\/www.jordinavarro.es\/en\/#\/schema\/person\/cf30b2497b2aa98ba845afe5d7ccfda9\"},\"inLanguage\":\"en-US\",\"potentialAction\":[{\"@type\":\"ReadAction\",\"target\":[\"http:\/\/www.jordinavarro.es\/noticias\/encuentro-grupo-de-metales-percusion-jonde\/\"]}]},{\"@type\":\"Person\",\"@id\":\"https:\/\/www.jordinavarro.es\/en\/#\/schema\/person\/cf30b2497b2aa98ba845afe5d7ccfda9\",\"name\":\"admin\",\"image\":{\"@type\":\"ImageObject\",\"@id\":\"https:\/\/www.jordinavarro.es\/en\/#personlogo\",\"inLanguage\":\"en-US\",\"url\":\"https:\/\/secure.gravatar.com\/avatar\/8ae77c5d4b68bf8fb3a579ba1ea1c2b7?s=96&d=mm&r=g\",\"caption\":\"admin\"}}]}<\/script>\n<!-- \/ Yoast SEO plugin. -->","_links":{"self":[{"href":"https:\/\/www.jordinavarro.es\/en\/wp-json\/wp\/v2\/posts\/300"}],"collection":[{"href":"https:\/\/www.jordinavarro.es\/en\/wp-json\/wp\/v2\/posts"}],"about":[{"href":"https:\/\/www.jordinavarro.es\/en\/wp-json\/wp\/v2\/types\/post"}],"author":[{"embeddable":true,"href":"https:\/\/www.jordinavarro.es\/en\/wp-json\/wp\/v2\/users\/1"}],"replies":[{"embeddable":true,"href":"https:\/\/www.jordinavarro.es\/en\/wp-json\/wp\/v2\/comments?post=300"}],"version-history":[{"count":2,"href":"https:\/\/www.jordinavarro.es\/en\/wp-json\/wp\/v2\/posts\/300\/revisions"}],"predecessor-version":[{"id":338,"href":"https:\/\/www.jordinavarro.es\/en\/wp-json\/wp\/v2\/posts\/300\/revisions\/338"}],"wp:featuredmedia":[{"embeddable":true,"href":"https:\/\/www.jordinavarro.es\/en\/wp-json\/wp\/v2\/media\/339"}],"wp:attachment":[{"href":"https:\/\/www.jordinavarro.es\/en\/wp-json\/wp\/v2\/media?parent=300"}],"wp:term":[{"taxonomy":"category","embeddable":true,"href":"https:\/\/www.jordinavarro.es\/en\/wp-json\/wp\/v2\/categories?post=300"},{"taxonomy":"post_tag","embeddable":true,"href":"https:\/\/www.jordinavarro.es\/en\/wp-json\/wp\/v2\/tags?post=300"}],"curies":[{"name":"wp","href":"https:\/\/api.w.org\/{rel}","templated":true}]}}