{"id":302,"date":"2017-03-13T10:00:21","date_gmt":"2017-03-13T09:00:21","guid":{"rendered":"http:\/\/www.jordinavarro.es\/?p=302"},"modified":"2017-03-21T19:34:29","modified_gmt":"2017-03-21T18:34:29","slug":"ensemble-cuerdas-mille-e-tre","status":"publish","type":"post","link":"https:\/\/www.jordinavarro.es\/en\/noticias\/ensemble-cuerdas-mille-e-tre\/","title":{"rendered":"Ensemble de cuerdas &#8220;Mille e tre&#8221;"},"content":{"rendered":"<p>El <strong>1 de mayo<\/strong> dirigir\u00e9 por primera vez en mi localidad natal (Banyeres de Mariola, Alicante). Amigos m\u00edos (la mayor\u00eda compa\u00f1eros de la Orquesta Nacional) me acompa\u00f1ar\u00e1n en un concierto que espero que sea muy especial y en el que interpretaremos obras de Grieg, Mendelssohn, Dvorak, Bach y Tchaikovsky.<\/p>","protected":false},"excerpt":{"rendered":"<p>El 1 de mayo dirigir\u00e9 por primera vez en mi localidad natal (Banyeres de Mariola, Alicante). Amigos m\u00edos (la mayor\u00eda compa\u00f1eros de la Orquesta Nacional) me acompa\u00f1ar\u00e1n en un concierto que espero que sea muy especial y en el que interpretaremos obras de Grieg, Mendelssohn, Dvorak, Bach y Tchaikovsky.<\/p>\n","protected":false},"author":1,"featured_media":104,"comment_status":"open","ping_status":"open","sticky":false,"template":"","format":"standard","meta":[],"categories":[5],"tags":[6,15,14],"yoast_head":"<!-- This site is optimized with the Yoast SEO plugin v14.8 - https:\/\/yoast.com\/wordpress\/plugins\/seo\/ -->\n<title>Ensemble de cuerdas &quot;Mille e tre&quot; | Jordi Navarro | Director de Orquesta<\/title>\n<meta name=\"robots\" content=\"index, follow\" \/>\n<meta name=\"googlebot\" content=\"index, follow, max-snippet:-1, max-image-preview:large, max-video-preview:-1\" \/>\n<meta name=\"bingbot\" content=\"index, follow, max-snippet:-1, max-image-preview:large, max-video-preview:-1\" \/>\n<link rel=\"canonical\" href=\"http:\/\/www.jordinavarro.es\/noticias\/ensemble-cuerdas-mille-e-tre\/\" \/>\n<meta property=\"og:locale\" content=\"en_US\" \/>\n<meta property=\"og:type\" content=\"article\" \/>\n<meta property=\"og:title\" content=\"Ensemble de cuerdas &quot;Mille e tre&quot; | Jordi Navarro | Director de Orquesta\" \/>\n<meta property=\"og:description\" content=\"El 1 de mayo dirigir\u00e9 por primera vez en mi localidad natal (Banyeres de Mariola, Alicante). Amigos m\u00edos (la mayor\u00eda compa\u00f1eros de la Orquesta Nacional) me acompa\u00f1ar\u00e1n en un concierto que espero que sea muy especial y en el que interpretaremos obras de Grieg, Mendelssohn, Dvorak, Bach y Tchaikovsky.\" \/>\n<meta property=\"og:url\" content=\"http:\/\/www.jordinavarro.es\/noticias\/ensemble-cuerdas-mille-e-tre\/\" \/>\n<meta property=\"og:site_name\" content=\"Jordi Navarro | Director de Orquesta\" \/>\n<meta property=\"article:published_time\" content=\"2017-03-13T09:00:21+00:00\" \/>\n<meta property=\"article:modified_time\" content=\"2017-03-21T18:34:29+00:00\" \/>\n<meta property=\"og:image\" content=\"https:\/\/www.jordinavarro.es\/wp-content\/uploads\/2016\/12\/Director-de-Orquesta-Jordi-Navarro.jpg\" \/>\n\t<meta property=\"og:image:width\" content=\"800\" \/>\n\t<meta property=\"og:image:height\" content=\"533\" \/>\n<meta name=\"twitter:card\" content=\"summary_large_image\" \/>\n<script type=\"application\/ld+json\" class=\"yoast-schema-graph\">{\"@context\":\"https:\/\/schema.org\",\"@graph\":[{\"@type\":\"WebSite\",\"@id\":\"https:\/\/www.jordinavarro.es\/en\/#website\",\"url\":\"https:\/\/www.jordinavarro.es\/en\/\",\"name\":\"Jordi Navarro | Director de Orquesta\",\"description\":\"Web del director de orquesta Jordi Navarro\",\"potentialAction\":[{\"@type\":\"SearchAction\",\"target\":\"https:\/\/www.jordinavarro.es\/en\/?s={search_term_string}\",\"query-input\":\"required name=search_term_string\"}],\"inLanguage\":\"en-US\"},{\"@type\":\"ImageObject\",\"@id\":\"http:\/\/www.jordinavarro.es\/noticias\/ensemble-cuerdas-mille-e-tre\/#primaryimage\",\"inLanguage\":\"en-US\",\"url\":\"https:\/\/www.jordinavarro.es\/wp-content\/uploads\/2016\/12\/Director-de-Orquesta-Jordi-Navarro.jpg\",\"width\":800,\"height\":533,\"caption\":\"Jordi Navarro - Director de Orquesta\"},{\"@type\":\"WebPage\",\"@id\":\"http:\/\/www.jordinavarro.es\/noticias\/ensemble-cuerdas-mille-e-tre\/#webpage\",\"url\":\"http:\/\/www.jordinavarro.es\/noticias\/ensemble-cuerdas-mille-e-tre\/\",\"name\":\"Ensemble de cuerdas \\\"Mille e tre\\\" | Jordi Navarro | Director de Orquesta\",\"isPartOf\":{\"@id\":\"https:\/\/www.jordinavarro.es\/en\/#website\"},\"primaryImageOfPage\":{\"@id\":\"http:\/\/www.jordinavarro.es\/noticias\/ensemble-cuerdas-mille-e-tre\/#primaryimage\"},\"datePublished\":\"2017-03-13T09:00:21+00:00\",\"dateModified\":\"2017-03-21T18:34:29+00:00\",\"author\":{\"@id\":\"https:\/\/www.jordinavarro.es\/en\/#\/schema\/person\/cf30b2497b2aa98ba845afe5d7ccfda9\"},\"inLanguage\":\"en-US\",\"potentialAction\":[{\"@type\":\"ReadAction\",\"target\":[\"http:\/\/www.jordinavarro.es\/noticias\/ensemble-cuerdas-mille-e-tre\/\"]}]},{\"@type\":\"Person\",\"@id\":\"https:\/\/www.jordinavarro.es\/en\/#\/schema\/person\/cf30b2497b2aa98ba845afe5d7ccfda9\",\"name\":\"admin\",\"image\":{\"@type\":\"ImageObject\",\"@id\":\"https:\/\/www.jordinavarro.es\/en\/#personlogo\",\"inLanguage\":\"en-US\",\"url\":\"https:\/\/secure.gravatar.com\/avatar\/8ae77c5d4b68bf8fb3a579ba1ea1c2b7?s=96&d=mm&r=g\",\"caption\":\"admin\"}}]}<\/script>\n<!-- \/ Yoast SEO plugin. -->","_links":{"self":[{"href":"https:\/\/www.jordinavarro.es\/en\/wp-json\/wp\/v2\/posts\/302"}],"collection":[{"href":"https:\/\/www.jordinavarro.es\/en\/wp-json\/wp\/v2\/posts"}],"about":[{"href":"https:\/\/www.jordinavarro.es\/en\/wp-json\/wp\/v2\/types\/post"}],"author":[{"embeddable":true,"href":"https:\/\/www.jordinavarro.es\/en\/wp-json\/wp\/v2\/users\/1"}],"replies":[{"embeddable":true,"href":"https:\/\/www.jordinavarro.es\/en\/wp-json\/wp\/v2\/comments?post=302"}],"version-history":[{"count":3,"href":"https:\/\/www.jordinavarro.es\/en\/wp-json\/wp\/v2\/posts\/302\/revisions"}],"predecessor-version":[{"id":412,"href":"https:\/\/www.jordinavarro.es\/en\/wp-json\/wp\/v2\/posts\/302\/revisions\/412"}],"wp:featuredmedia":[{"embeddable":true,"href":"https:\/\/www.jordinavarro.es\/en\/wp-json\/wp\/v2\/media\/104"}],"wp:attachment":[{"href":"https:\/\/www.jordinavarro.es\/en\/wp-json\/wp\/v2\/media?parent=302"}],"wp:term":[{"taxonomy":"category","embeddable":true,"href":"https:\/\/www.jordinavarro.es\/en\/wp-json\/wp\/v2\/categories?post=302"},{"taxonomy":"post_tag","embeddable":true,"href":"https:\/\/www.jordinavarro.es\/en\/wp-json\/wp\/v2\/tags?post=302"}],"curies":[{"name":"wp","href":"https:\/\/api.w.org\/{rel}","templated":true}]}}