{"id":304,"date":"2017-04-03T10:00:38","date_gmt":"2017-04-03T08:00:38","guid":{"rendered":"http:\/\/www.jordinavarro.es\/?p=304"},"modified":"2017-02-15T18:57:19","modified_gmt":"2017-02-15T17:57:19","slug":"jordi-navarro-dirige-ensemble-lunaire-auditorio-nacional","status":"publish","type":"post","link":"https:\/\/www.jordinavarro.es\/en\/noticias\/jordi-navarro-dirige-ensemble-lunaire-auditorio-nacional\/","title":{"rendered":"Jordi Navarro dirige el Ensemble Lunaire en el Auditorio Nacional"},"content":{"rendered":"<p>El pr\u00f3ximo 9 de mayo, en la Sala de C\u00e1mara del Auditorio Nacional de M\u00fasica de Madrid, dirigir\u00e9 un programa\u00a0denominado \u201c1912, a la deriva\u201d, que incluye m\u00fasica de P. Boulez, M. Tournier, E. Granados, W. C. Handy y culmina con el Pierrot Lunaire de Arnold Sch\u00f6nberg, formando parte del ciclo Sat\u00e9lites de la Orquesta y Coro Nacionales de Espa\u00f1a (OCNE)<\/p>\n<p>M\u00e1s informaci\u00f3n en la <a href=\"http:\/\/ocne.mcu.es\/programacion\/detalle-de-concierto\/content\/1912-a-la-deriva\/\" target=\"_blank\">web de la Orquesta y Coro Nacionales de Espa\u00f1a<\/a>.<\/p>\n","protected":false},"excerpt":{"rendered":"<p>El pr\u00f3ximo 9 de mayo, en la Sala de C\u00e1mara del Auditorio Nacional de M\u00fasica de Madrid, dirigir\u00e9 un programa\u00a0denominado \u201c1912, a la deriva\u201d, que incluye m\u00fasica de P. Boulez, M. Tournier, E. Granados, W. C. Handy y culmina con el Pierrot Lunaire de Arnold Sch\u00f6nberg, formando parte del ciclo Sat\u00e9lites de la Orquesta y [&hellip;]<\/p>\n","protected":false},"author":1,"featured_media":340,"comment_status":"open","ping_status":"open","sticky":false,"template":"","format":"standard","meta":[],"categories":[5],"tags":[6,16,17],"yoast_head":"<!-- This site is optimized with the Yoast SEO plugin v14.8 - https:\/\/yoast.com\/wordpress\/plugins\/seo\/ -->\n<title>Jordi Navarro dirige el Ensemble Lunaire en el Auditorio Nacional | Jordi Navarro | Director de Orquesta<\/title>\n<meta name=\"robots\" content=\"index, follow\" \/>\n<meta name=\"googlebot\" content=\"index, follow, max-snippet:-1, max-image-preview:large, max-video-preview:-1\" \/>\n<meta name=\"bingbot\" content=\"index, follow, max-snippet:-1, max-image-preview:large, max-video-preview:-1\" \/>\n<link rel=\"canonical\" href=\"http:\/\/www.jordinavarro.es\/noticias\/jordi-navarro-dirige-ensemble-lunaire-auditorio-nacional\/\" \/>\n<meta property=\"og:locale\" content=\"en_US\" \/>\n<meta property=\"og:type\" content=\"article\" \/>\n<meta property=\"og:title\" content=\"Jordi Navarro dirige el Ensemble Lunaire en el Auditorio Nacional | Jordi Navarro | Director de Orquesta\" \/>\n<meta property=\"og:description\" content=\"El pr\u00f3ximo 9 de mayo, en la Sala de C\u00e1mara del Auditorio Nacional de M\u00fasica de Madrid, dirigir\u00e9 un programa\u00a0denominado \u201c1912, a la deriva\u201d, que incluye m\u00fasica de P. Boulez, M. Tournier, E. Granados, W. C. Handy y culmina con el Pierrot Lunaire de Arnold Sch\u00f6nberg, formando parte del ciclo Sat\u00e9lites de la Orquesta y [&hellip;]\" \/>\n<meta property=\"og:url\" content=\"http:\/\/www.jordinavarro.es\/noticias\/jordi-navarro-dirige-ensemble-lunaire-auditorio-nacional\/\" \/>\n<meta property=\"og:site_name\" content=\"Jordi Navarro | Director de Orquesta\" \/>\n<meta property=\"article:published_time\" content=\"2017-04-03T08:00:38+00:00\" \/>\n<meta property=\"article:modified_time\" content=\"2017-02-15T17:57:19+00:00\" \/>\n<meta property=\"og:image\" content=\"https:\/\/www.jordinavarro.es\/wp-content\/uploads\/2017\/04\/director-jorge-navarro.jpg\" \/>\n\t<meta property=\"og:image:width\" content=\"1200\" \/>\n\t<meta property=\"og:image:height\" content=\"928\" \/>\n<meta name=\"twitter:card\" content=\"summary_large_image\" \/>\n<script type=\"application\/ld+json\" class=\"yoast-schema-graph\">{\"@context\":\"https:\/\/schema.org\",\"@graph\":[{\"@type\":\"WebSite\",\"@id\":\"https:\/\/www.jordinavarro.es\/en\/#website\",\"url\":\"https:\/\/www.jordinavarro.es\/en\/\",\"name\":\"Jordi Navarro | Director de Orquesta\",\"description\":\"Web del director de orquesta Jordi Navarro\",\"potentialAction\":[{\"@type\":\"SearchAction\",\"target\":\"https:\/\/www.jordinavarro.es\/en\/?s={search_term_string}\",\"query-input\":\"required name=search_term_string\"}],\"inLanguage\":\"en-US\"},{\"@type\":\"ImageObject\",\"@id\":\"http:\/\/www.jordinavarro.es\/noticias\/jordi-navarro-dirige-ensemble-lunaire-auditorio-nacional\/#primaryimage\",\"inLanguage\":\"en-US\",\"url\":\"https:\/\/www.jordinavarro.es\/wp-content\/uploads\/2017\/04\/director-jorge-navarro.jpg\",\"width\":1200,\"height\":928,\"caption\":\"director-orquesta-jorge-navarro\"},{\"@type\":\"WebPage\",\"@id\":\"http:\/\/www.jordinavarro.es\/noticias\/jordi-navarro-dirige-ensemble-lunaire-auditorio-nacional\/#webpage\",\"url\":\"http:\/\/www.jordinavarro.es\/noticias\/jordi-navarro-dirige-ensemble-lunaire-auditorio-nacional\/\",\"name\":\"Jordi Navarro dirige el Ensemble Lunaire en el Auditorio Nacional | Jordi Navarro | Director de Orquesta\",\"isPartOf\":{\"@id\":\"https:\/\/www.jordinavarro.es\/en\/#website\"},\"primaryImageOfPage\":{\"@id\":\"http:\/\/www.jordinavarro.es\/noticias\/jordi-navarro-dirige-ensemble-lunaire-auditorio-nacional\/#primaryimage\"},\"datePublished\":\"2017-04-03T08:00:38+00:00\",\"dateModified\":\"2017-02-15T17:57:19+00:00\",\"author\":{\"@id\":\"https:\/\/www.jordinavarro.es\/en\/#\/schema\/person\/cf30b2497b2aa98ba845afe5d7ccfda9\"},\"inLanguage\":\"en-US\",\"potentialAction\":[{\"@type\":\"ReadAction\",\"target\":[\"http:\/\/www.jordinavarro.es\/noticias\/jordi-navarro-dirige-ensemble-lunaire-auditorio-nacional\/\"]}]},{\"@type\":\"Person\",\"@id\":\"https:\/\/www.jordinavarro.es\/en\/#\/schema\/person\/cf30b2497b2aa98ba845afe5d7ccfda9\",\"name\":\"admin\",\"image\":{\"@type\":\"ImageObject\",\"@id\":\"https:\/\/www.jordinavarro.es\/en\/#personlogo\",\"inLanguage\":\"en-US\",\"url\":\"https:\/\/secure.gravatar.com\/avatar\/8ae77c5d4b68bf8fb3a579ba1ea1c2b7?s=96&d=mm&r=g\",\"caption\":\"admin\"}}]}<\/script>\n<!-- \/ Yoast SEO plugin. -->","_links":{"self":[{"href":"https:\/\/www.jordinavarro.es\/en\/wp-json\/wp\/v2\/posts\/304"}],"collection":[{"href":"https:\/\/www.jordinavarro.es\/en\/wp-json\/wp\/v2\/posts"}],"about":[{"href":"https:\/\/www.jordinavarro.es\/en\/wp-json\/wp\/v2\/types\/post"}],"author":[{"embeddable":true,"href":"https:\/\/www.jordinavarro.es\/en\/wp-json\/wp\/v2\/users\/1"}],"replies":[{"embeddable":true,"href":"https:\/\/www.jordinavarro.es\/en\/wp-json\/wp\/v2\/comments?post=304"}],"version-history":[{"count":1,"href":"https:\/\/www.jordinavarro.es\/en\/wp-json\/wp\/v2\/posts\/304\/revisions"}],"predecessor-version":[{"id":305,"href":"https:\/\/www.jordinavarro.es\/en\/wp-json\/wp\/v2\/posts\/304\/revisions\/305"}],"wp:featuredmedia":[{"embeddable":true,"href":"https:\/\/www.jordinavarro.es\/en\/wp-json\/wp\/v2\/media\/340"}],"wp:attachment":[{"href":"https:\/\/www.jordinavarro.es\/en\/wp-json\/wp\/v2\/media?parent=304"}],"wp:term":[{"taxonomy":"category","embeddable":true,"href":"https:\/\/www.jordinavarro.es\/en\/wp-json\/wp\/v2\/categories?post=304"},{"taxonomy":"post_tag","embeddable":true,"href":"https:\/\/www.jordinavarro.es\/en\/wp-json\/wp\/v2\/tags?post=304"}],"curies":[{"name":"wp","href":"https:\/\/api.w.org\/{rel}","templated":true}]}}